{"id":666,"date":"2013-05-27T10:20:16","date_gmt":"2013-05-27T08:20:16","guid":{"rendered":"http:\/\/brandesportsrideklub.dk\/?p=666"},"modified":"2013-05-27T10:20:51","modified_gmt":"2013-05-27T08:20:51","slug":"opstaldning-i-sommerferien","status":"publish","type":"post","link":"https:\/\/brandesportsrideklub.dk\/?p=666","title":{"rendered":"Opstaldning i sommerferien"},"content":{"rendered":"<p>Juli m\u00e5ned n\u00e6rmer sig, og det vil som sidste \u00e5r v\u00e6re muligt at have sin hest \/ pony opstaldet p\u00e5 rideskolen i Juli m\u00e5ned.<br \/>\nHestene \/ ponyerne vil blive passet som normalt, og der vil ogs\u00e5 v\u00e6re fold ordning i juli m\u00e5ned (p\u00e5 hverdage).<\/p>\n<p>Det vil ogs\u00e5 v\u00e6re muligt kun at have sin hest \/pony delvist opstaldet p\u00e5 rideskolen i juli m\u00e5ned, hvis man f.eks. s\u00e6tter den p\u00e5 gr\u00e6s i uge 27 og uge 28, kan man sagtens komme ind midt i m\u00e5neden, og vil kun betale for de antal dage ens hest \/ pony er opstaldet i.<\/p>\n<p>For at kunne danne mig et overblik over antallet af heste\/ponyer som skal opstaldes helt eller delvist i juli m\u00e5ned, vil jeg gerne at i skriver jer p\u00e5 listen , som h\u00e6nger p\u00e5 min info tavle i cafeteriet.<\/p>\n<p>Er kun dem som skal have hest opstaldet helt eller delvist i juli som skal skrive sig p\u00e5, og skriv gerne hvilke dage (datoer \u2013 til\/fra) i regner med at jeres hest\/pony skal opstaldes.<\/p>\n<p>Med venlig hilsen<\/p>\n<p>KIM<\/p>\n","protected":false},"excerpt":{"rendered":"<p>Juli m\u00e5ned n\u00e6rmer sig, og det vil som sidste \u00e5r v\u00e6re muligt at have sin hest \/ pony opstaldet p\u00e5 rideskolen i Juli m\u00e5ned. Hestene \/ ponyerne vil blive passet som normalt, og der vil ogs\u00e5 v\u00e6re fold ordning i juli m\u00e5ned (p\u00e5 hverdage). Det vil ogs\u00e5 v\u00e6re muligt kun at have sin hest \/pony&hellip;&nbsp;<a href=\"https:\/\/brandesportsrideklub.dk\/?p=666\" rel=\"bookmark\">L\u00e6s mere &raquo;<span class=\"screen-reader-text\">Opstaldning i sommerferien<\/span><\/a><\/p>\n","protected":false},"author":1,"featured_media":0,"comment_status":"closed","ping_status":"closed","sticky":false,"template":"","format":"standard","meta":{"neve_meta_sidebar":"","neve_meta_container":"","neve_meta_enable_content_width":"","neve_meta_content_width":0,"neve_meta_title_alignment":"","neve_meta_author_avatar":"","neve_post_elements_order":"","neve_meta_disable_header":"","neve_meta_disable_footer":"","neve_meta_disable_title":"","_themeisle_gutenberg_block_has_review":false,"footnotes":""},"categories":[6,7],"tags":[],"class_list":["post-666","post","type-post","status-publish","format-standard","hentry","category-andet","category-info-fra-kim"],"_links":{"self":[{"href":"https:\/\/brandesportsrideklub.dk\/index.php?rest_route=\/wp\/v2\/posts\/666","targetHints":{"allow":["GET"]}}],"collection":[{"href":"https:\/\/brandesportsrideklub.dk\/index.php?rest_route=\/wp\/v2\/posts"}],"about":[{"href":"https:\/\/brandesportsrideklub.dk\/index.php?rest_route=\/wp\/v2\/types\/post"}],"author":[{"embeddable":true,"href":"https:\/\/brandesportsrideklub.dk\/index.php?rest_route=\/wp\/v2\/users\/1"}],"replies":[{"embeddable":true,"href":"https:\/\/brandesportsrideklub.dk\/index.php?rest_route=%2Fwp%2Fv2%2Fcomments&post=666"}],"version-history":[{"count":2,"href":"https:\/\/brandesportsrideklub.dk\/index.php?rest_route=\/wp\/v2\/posts\/666\/revisions"}],"predecessor-version":[{"id":668,"href":"https:\/\/brandesportsrideklub.dk\/index.php?rest_route=\/wp\/v2\/posts\/666\/revisions\/668"}],"wp:attachment":[{"href":"https:\/\/brandesportsrideklub.dk\/index.php?rest_route=%2Fwp%2Fv2%2Fmedia&parent=666"}],"wp:term":[{"taxonomy":"category","embeddable":true,"href":"https:\/\/brandesportsrideklub.dk\/index.php?rest_route=%2Fwp%2Fv2%2Fcategories&post=666"},{"taxonomy":"post_tag","embeddable":true,"href":"https:\/\/brandesportsrideklub.dk\/index.php?rest_route=%2Fwp%2Fv2%2Ftags&post=666"}],"curies":[{"name":"wp","href":"https:\/\/api.w.org\/{rel}","templated":true}]}}