{"id":4483,"date":"2020-06-10T21:38:55","date_gmt":"2020-06-10T19:38:55","guid":{"rendered":"http:\/\/brandesportsrideklub.dk\/?p=4483"},"modified":"2020-06-10T21:38:55","modified_gmt":"2020-06-10T19:38:55","slug":"brande-sportsrideklub-er-et-rogfrit-omrade","status":"publish","type":"post","link":"https:\/\/brandesportsrideklub.dk\/?p=4483","title":{"rendered":"Brande Sportsrideklub er et r\u00f8gfrit omr\u00e5de"},"content":{"rendered":"<p>Ikast-Brande kommune har vedtaget, at det pr. 1. Maj er forbudt at ryge i arbejdstiden. Det forbud f\u00f8lger vi som rideklub op p\u00e5. Rygning skal ikke foreg\u00e5 p\u00e5 rideklubbens matrikel- b\u00e5de for loyalt at bakke op om kommunens rygepolitik og for at medvirke til at b\u00f8rn &amp; unge ikke kommer i kontakt med tobak.<br \/>\nKim og Bestyrelsen<\/p>\n","protected":false},"excerpt":{"rendered":"<p>Ikast-Brande kommune har vedtaget, at det pr. 1. Maj er forbudt at ryge i arbejdstiden. Det forbud f\u00f8lger vi som rideklub op p\u00e5. Rygning skal ikke foreg\u00e5 p\u00e5 rideklubbens matrikel- b\u00e5de for loyalt at bakke op om kommunens rygepolitik og for at medvirke til at b\u00f8rn &amp; unge ikke kommer i kontakt med tobak. Kim&hellip;&nbsp;<a href=\"https:\/\/brandesportsrideklub.dk\/?p=4483\" rel=\"bookmark\">L\u00e6s mere &raquo;<span class=\"screen-reader-text\">Brande Sportsrideklub er et r\u00f8gfrit omr\u00e5de<\/span><\/a><\/p>\n","protected":false},"author":1,"featured_media":4484,"comment_status":"closed","ping_status":"closed","sticky":false,"template":"","format":"standard","meta":{"neve_meta_sidebar":"","neve_meta_container":"","neve_meta_enable_content_width":"","neve_meta_content_width":0,"neve_meta_title_alignment":"","neve_meta_author_avatar":"","neve_post_elements_order":"","neve_meta_disable_header":"","neve_meta_disable_footer":"","neve_meta_disable_title":"","_themeisle_gutenberg_block_has_review":false,"footnotes":""},"categories":[7,4],"tags":[],"class_list":["post-4483","post","type-post","status-publish","format-standard","has-post-thumbnail","hentry","category-info-fra-kim","category-nyt-fra-bestyrelsen"],"_links":{"self":[{"href":"https:\/\/brandesportsrideklub.dk\/index.php?rest_route=\/wp\/v2\/posts\/4483","targetHints":{"allow":["GET"]}}],"collection":[{"href":"https:\/\/brandesportsrideklub.dk\/index.php?rest_route=\/wp\/v2\/posts"}],"about":[{"href":"https:\/\/brandesportsrideklub.dk\/index.php?rest_route=\/wp\/v2\/types\/post"}],"author":[{"embeddable":true,"href":"https:\/\/brandesportsrideklub.dk\/index.php?rest_route=\/wp\/v2\/users\/1"}],"replies":[{"embeddable":true,"href":"https:\/\/brandesportsrideklub.dk\/index.php?rest_route=%2Fwp%2Fv2%2Fcomments&post=4483"}],"version-history":[{"count":1,"href":"https:\/\/brandesportsrideklub.dk\/index.php?rest_route=\/wp\/v2\/posts\/4483\/revisions"}],"predecessor-version":[{"id":4485,"href":"https:\/\/brandesportsrideklub.dk\/index.php?rest_route=\/wp\/v2\/posts\/4483\/revisions\/4485"}],"wp:featuredmedia":[{"embeddable":true,"href":"https:\/\/brandesportsrideklub.dk\/index.php?rest_route=\/wp\/v2\/media\/4484"}],"wp:attachment":[{"href":"https:\/\/brandesportsrideklub.dk\/index.php?rest_route=%2Fwp%2Fv2%2Fmedia&parent=4483"}],"wp:term":[{"taxonomy":"category","embeddable":true,"href":"https:\/\/brandesportsrideklub.dk\/index.php?rest_route=%2Fwp%2Fv2%2Fcategories&post=4483"},{"taxonomy":"post_tag","embeddable":true,"href":"https:\/\/brandesportsrideklub.dk\/index.php?rest_route=%2Fwp%2Fv2%2Ftags&post=4483"}],"curies":[{"name":"wp","href":"https:\/\/api.w.org\/{rel}","templated":true}]}}