{"id":3620,"date":"2017-11-28T10:15:52","date_gmt":"2017-11-28T09:15:52","guid":{"rendered":"http:\/\/brandesportsrideklub.dk\/?p=3620"},"modified":"2017-11-28T10:15:52","modified_gmt":"2017-11-28T09:15:52","slug":"information-vedr-spring-i-kommende-uge-samt-lukning-af-den-store-hal-mandag","status":"publish","type":"post","link":"https:\/\/brandesportsrideklub.dk\/?p=3620","title":{"rendered":"Information vedr. Spring i kommende uge, samt lukning af den store hal mandag"},"content":{"rendered":"<p>Jeg vil i kommende uge kun undervise i spring mandag d. 27.\u00a0november.<\/p>\n<p>For at alle kan n\u00e5 at springe mandag, vil der blive opsat spring i den\u00a0store hal kl. 16.30 p\u00e5 mandag, og det f\u00f8rste hold vil starte kl. 17.<\/p>\n<p>Den store hal vil alts\u00e5 v\u00e6re lukket fra kl. 16.30 p\u00e5 mandag.<\/p>\n<p>Alle som springer vil f\u00e5 direkte besked, og aftaler tid med mig (Kim).<\/p>\n<p>Emma\u2019s springhold vil k\u00f8re som normalt torsdag d. 30.\u00a0november.<\/p>\n<p>Den store hal vil v\u00e6re \u00e5ben for alle, n\u00e5r springene er taget\u00a0ned kl. ca. 17 torsdag.<\/p>\n<p>Med venlig hilsen<\/p>\n<p>Kim<\/p>\n","protected":false},"excerpt":{"rendered":"<p>Jeg vil i kommende uge kun undervise i spring mandag d. 27.\u00a0november. For at alle kan n\u00e5 at springe mandag, vil der blive opsat spring i den\u00a0store hal kl. 16.30 p\u00e5 mandag, og det f\u00f8rste hold vil starte kl. 17. Den store hal vil alts\u00e5 v\u00e6re lukket fra kl. 16.30 p\u00e5 mandag. Alle som springer&hellip;&nbsp;<a href=\"https:\/\/brandesportsrideklub.dk\/?p=3620\" rel=\"bookmark\">L\u00e6s mere &raquo;<span class=\"screen-reader-text\">Information vedr. Spring i kommende uge, samt lukning af den store hal mandag<\/span><\/a><\/p>\n","protected":false},"author":1,"featured_media":0,"comment_status":"closed","ping_status":"closed","sticky":false,"template":"","format":"standard","meta":{"neve_meta_sidebar":"","neve_meta_container":"","neve_meta_enable_content_width":"","neve_meta_content_width":0,"neve_meta_title_alignment":"","neve_meta_author_avatar":"","neve_post_elements_order":"","neve_meta_disable_header":"","neve_meta_disable_footer":"","neve_meta_disable_title":"","_themeisle_gutenberg_block_has_review":false,"footnotes":""},"categories":[7],"tags":[],"class_list":["post-3620","post","type-post","status-publish","format-standard","hentry","category-info-fra-kim"],"_links":{"self":[{"href":"https:\/\/brandesportsrideklub.dk\/index.php?rest_route=\/wp\/v2\/posts\/3620","targetHints":{"allow":["GET"]}}],"collection":[{"href":"https:\/\/brandesportsrideklub.dk\/index.php?rest_route=\/wp\/v2\/posts"}],"about":[{"href":"https:\/\/brandesportsrideklub.dk\/index.php?rest_route=\/wp\/v2\/types\/post"}],"author":[{"embeddable":true,"href":"https:\/\/brandesportsrideklub.dk\/index.php?rest_route=\/wp\/v2\/users\/1"}],"replies":[{"embeddable":true,"href":"https:\/\/brandesportsrideklub.dk\/index.php?rest_route=%2Fwp%2Fv2%2Fcomments&post=3620"}],"version-history":[{"count":1,"href":"https:\/\/brandesportsrideklub.dk\/index.php?rest_route=\/wp\/v2\/posts\/3620\/revisions"}],"predecessor-version":[{"id":3621,"href":"https:\/\/brandesportsrideklub.dk\/index.php?rest_route=\/wp\/v2\/posts\/3620\/revisions\/3621"}],"wp:attachment":[{"href":"https:\/\/brandesportsrideklub.dk\/index.php?rest_route=%2Fwp%2Fv2%2Fmedia&parent=3620"}],"wp:term":[{"taxonomy":"category","embeddable":true,"href":"https:\/\/brandesportsrideklub.dk\/index.php?rest_route=%2Fwp%2Fv2%2Fcategories&post=3620"},{"taxonomy":"post_tag","embeddable":true,"href":"https:\/\/brandesportsrideklub.dk\/index.php?rest_route=%2Fwp%2Fv2%2Ftags&post=3620"}],"curies":[{"name":"wp","href":"https:\/\/api.w.org\/{rel}","templated":true}]}}