{"id":3586,"date":"2017-10-11T14:17:34","date_gmt":"2017-10-11T12:17:34","guid":{"rendered":"http:\/\/brandesportsrideklub.dk\/?p=3586"},"modified":"2017-10-11T14:18:11","modified_gmt":"2017-10-11T12:18:11","slug":"ny-beriderelev","status":"publish","type":"post","link":"https:\/\/brandesportsrideklub.dk\/?p=3586","title":{"rendered":"Ny beriderelev"},"content":{"rendered":"<p>Velkommen til Anna der starter som Beriderelev hos os den 6. November.<\/p>\n<p>Anna fort\u00e6ller om sig selv:<\/p>\n<p>Jeg hedder Anna Schmidt Bigum og er 23 \u00e5r gammel. Jeg startede som<br \/>\nberideelev i august 2016 p\u00e5 Hjalleruprideklub.<\/p>\n<p>Inden jeg startede p\u00e5 uddannelsen var jeg \u00a0bl.a. ved Hans J\u00f8rgen Hoeck\u00a0og p\u00e5 Katrinelund, her fik erfaring med tilridning og ridning af\u00a0ungheste samt fremvisning til kunder og st\u00e6vner.<br \/>\nDerudover har jeg uddannet heste til og med Mb spring og dressur.<br \/>\nJeg vil gl\u00e6der mig til at starte i Brande og v\u00e6re en del af teamet.<\/p>\n","protected":false},"excerpt":{"rendered":"<p>Velkommen til Anna der starter som Beriderelev hos os den 6. November. Anna fort\u00e6ller om sig selv: Jeg hedder Anna Schmidt Bigum og er 23 \u00e5r gammel. Jeg startede som berideelev i august 2016 p\u00e5 Hjalleruprideklub. Inden jeg startede p\u00e5 uddannelsen var jeg \u00a0bl.a. ved Hans J\u00f8rgen Hoeck\u00a0og p\u00e5 Katrinelund, her fik erfaring med tilridning&hellip;&nbsp;<a href=\"https:\/\/brandesportsrideklub.dk\/?p=3586\" rel=\"bookmark\">L\u00e6s mere &raquo;<span class=\"screen-reader-text\">Ny beriderelev<\/span><\/a><\/p>\n","protected":false},"author":1,"featured_media":0,"comment_status":"closed","ping_status":"closed","sticky":false,"template":"","format":"standard","meta":{"neve_meta_sidebar":"","neve_meta_container":"","neve_meta_enable_content_width":"","neve_meta_content_width":0,"neve_meta_title_alignment":"","neve_meta_author_avatar":"","neve_post_elements_order":"","neve_meta_disable_header":"","neve_meta_disable_footer":"","neve_meta_disable_title":"","_themeisle_gutenberg_block_has_review":false,"footnotes":""},"categories":[4],"tags":[],"class_list":["post-3586","post","type-post","status-publish","format-standard","hentry","category-nyt-fra-bestyrelsen"],"_links":{"self":[{"href":"https:\/\/brandesportsrideklub.dk\/index.php?rest_route=\/wp\/v2\/posts\/3586","targetHints":{"allow":["GET"]}}],"collection":[{"href":"https:\/\/brandesportsrideklub.dk\/index.php?rest_route=\/wp\/v2\/posts"}],"about":[{"href":"https:\/\/brandesportsrideklub.dk\/index.php?rest_route=\/wp\/v2\/types\/post"}],"author":[{"embeddable":true,"href":"https:\/\/brandesportsrideklub.dk\/index.php?rest_route=\/wp\/v2\/users\/1"}],"replies":[{"embeddable":true,"href":"https:\/\/brandesportsrideklub.dk\/index.php?rest_route=%2Fwp%2Fv2%2Fcomments&post=3586"}],"version-history":[{"count":1,"href":"https:\/\/brandesportsrideklub.dk\/index.php?rest_route=\/wp\/v2\/posts\/3586\/revisions"}],"predecessor-version":[{"id":3587,"href":"https:\/\/brandesportsrideklub.dk\/index.php?rest_route=\/wp\/v2\/posts\/3586\/revisions\/3587"}],"wp:attachment":[{"href":"https:\/\/brandesportsrideklub.dk\/index.php?rest_route=%2Fwp%2Fv2%2Fmedia&parent=3586"}],"wp:term":[{"taxonomy":"category","embeddable":true,"href":"https:\/\/brandesportsrideklub.dk\/index.php?rest_route=%2Fwp%2Fv2%2Fcategories&post=3586"},{"taxonomy":"post_tag","embeddable":true,"href":"https:\/\/brandesportsrideklub.dk\/index.php?rest_route=%2Fwp%2Fv2%2Ftags&post=3586"}],"curies":[{"name":"wp","href":"https:\/\/api.w.org\/{rel}","templated":true}]}}