{"id":3584,"date":"2017-10-11T14:16:09","date_gmt":"2017-10-11T12:16:09","guid":{"rendered":"http:\/\/brandesportsrideklub.dk\/?p=3584"},"modified":"2017-10-11T14:16:09","modified_gmt":"2017-10-11T12:16:09","slug":"lukning-af-begge-ridehaller-kommende-weekend","status":"publish","type":"post","link":"https:\/\/brandesportsrideklub.dk\/?p=3584","title":{"rendered":"Lukning af begge ridehaller kommende weekend"},"content":{"rendered":"<p>Da vi afholder Regions st\u00e6vne i kommende weekend, vil b\u00e5de\u00a0den store og den lille ridehal v\u00e6re lukket det meste af\u00a0weekenden.<\/p>\n<p>Den store ridehal, vil v\u00e6re lukket fra FREDAG KL. 16.45 OG\u00a0INDTIL ST\u00c6VNET SLUTTER S\u00d8NDAG SIDST P\u00c5\u00a0EFTERMIDDAGEN.<\/p>\n<p>Den lille ridehal vil v\u00e6re lukket fra FREDAG KL. 16 OG\u00a0INDTIL ST\u00c6VNET SLUTTER S\u00d8NDAG SIDST P\u00c5\u00a0EFTERMIDDAGEN.<\/p>\n<p>Start tider m.v. kan ses p\u00e5 DRF LIVE.<\/p>\n<p>Den Store ridehal vil fredag blive opdelt mellem kl. 15.30 og\u00a0kl. 16.45.<\/p>\n<p>Elevholds undervisningen vil blive afviklet i den ene halvdel,\u00a0da den lille hal bruges som opvarmnings hal for st\u00e6vne\u00a0ryttere.<\/p>\n<p>Med venlig hilsen<\/p>\n<p>Kim<\/p>\n","protected":false},"excerpt":{"rendered":"<p>Da vi afholder Regions st\u00e6vne i kommende weekend, vil b\u00e5de\u00a0den store og den lille ridehal v\u00e6re lukket det meste af\u00a0weekenden. Den store ridehal, vil v\u00e6re lukket fra FREDAG KL. 16.45 OG\u00a0INDTIL ST\u00c6VNET SLUTTER S\u00d8NDAG SIDST P\u00c5\u00a0EFTERMIDDAGEN. Den lille ridehal vil v\u00e6re lukket fra FREDAG KL. 16 OG\u00a0INDTIL ST\u00c6VNET SLUTTER S\u00d8NDAG SIDST P\u00c5\u00a0EFTERMIDDAGEN. Start tider m.v.&hellip;&nbsp;<a href=\"https:\/\/brandesportsrideklub.dk\/?p=3584\" rel=\"bookmark\">L\u00e6s mere &raquo;<span class=\"screen-reader-text\">Lukning af begge ridehaller kommende weekend<\/span><\/a><\/p>\n","protected":false},"author":1,"featured_media":0,"comment_status":"closed","ping_status":"closed","sticky":false,"template":"","format":"standard","meta":{"neve_meta_sidebar":"","neve_meta_container":"","neve_meta_enable_content_width":"","neve_meta_content_width":0,"neve_meta_title_alignment":"","neve_meta_author_avatar":"","neve_post_elements_order":"","neve_meta_disable_header":"","neve_meta_disable_footer":"","neve_meta_disable_title":"","_themeisle_gutenberg_block_has_review":false,"footnotes":""},"categories":[7],"tags":[],"class_list":["post-3584","post","type-post","status-publish","format-standard","hentry","category-info-fra-kim"],"_links":{"self":[{"href":"https:\/\/brandesportsrideklub.dk\/index.php?rest_route=\/wp\/v2\/posts\/3584","targetHints":{"allow":["GET"]}}],"collection":[{"href":"https:\/\/brandesportsrideklub.dk\/index.php?rest_route=\/wp\/v2\/posts"}],"about":[{"href":"https:\/\/brandesportsrideklub.dk\/index.php?rest_route=\/wp\/v2\/types\/post"}],"author":[{"embeddable":true,"href":"https:\/\/brandesportsrideklub.dk\/index.php?rest_route=\/wp\/v2\/users\/1"}],"replies":[{"embeddable":true,"href":"https:\/\/brandesportsrideklub.dk\/index.php?rest_route=%2Fwp%2Fv2%2Fcomments&post=3584"}],"version-history":[{"count":1,"href":"https:\/\/brandesportsrideklub.dk\/index.php?rest_route=\/wp\/v2\/posts\/3584\/revisions"}],"predecessor-version":[{"id":3585,"href":"https:\/\/brandesportsrideklub.dk\/index.php?rest_route=\/wp\/v2\/posts\/3584\/revisions\/3585"}],"wp:attachment":[{"href":"https:\/\/brandesportsrideklub.dk\/index.php?rest_route=%2Fwp%2Fv2%2Fmedia&parent=3584"}],"wp:term":[{"taxonomy":"category","embeddable":true,"href":"https:\/\/brandesportsrideklub.dk\/index.php?rest_route=%2Fwp%2Fv2%2Fcategories&post=3584"},{"taxonomy":"post_tag","embeddable":true,"href":"https:\/\/brandesportsrideklub.dk\/index.php?rest_route=%2Fwp%2Fv2%2Ftags&post=3584"}],"curies":[{"name":"wp","href":"https:\/\/api.w.org\/{rel}","templated":true}]}}