{"id":3443,"date":"2017-06-01T09:23:48","date_gmt":"2017-06-01T07:23:48","guid":{"rendered":"http:\/\/brandesportsrideklub.dk\/?p=3443"},"modified":"2017-06-01T09:24:12","modified_gmt":"2017-06-01T07:24:12","slug":"foldordning-i-juli-maned","status":"publish","type":"post","link":"https:\/\/brandesportsrideklub.dk\/?p=3443","title":{"rendered":"Foldordning i Juli m\u00e5ned"},"content":{"rendered":"<p>Foldordningen vil k\u00f8re som normalt p\u00e5 alle hverdage i juli m\u00e5ned.<\/p>\n<p>Det vil ogs\u00e5 v\u00e6re muligt at have sin hest\/pony delvist med p\u00e5 foldordningen i juli (uge basis), og blive opkr\u00e6vet herfor.<\/p>\n<p>I juli m\u00e5ned tilbyder vi ogs\u00e5 ud lukning i weekenderne , til dem som er tilmeldt foldordningen i hverdagene. Samlet pris for b\u00e5de hverdage og weekenderne \u2013 500 kr.<\/p>\n<p>Er man forhindret i at komme og lukke sin hest ud nogle f\u00e5 dage, tilbyder vi i juli ud lukning p\u00e5 dagsbasis til 30 kr. pr. dag.<\/p>\n<p>Aftales med den som har staldvagten p\u00e5 den p\u00e5g\u00e6ldende dag\/dage, og vil blive sat p\u00e5 kommende m\u00e5neds regning.<\/p>\n<p>\u00d8nsker man at benytte sig af foldordnings tilbuddene i juli m\u00e5ned, bedes i skrive jeres hest\/pony p\u00e5 tilmeldingssedlen, som h\u00e6nger p\u00e5 min info. tavle i cafeteriaet.<\/p>\n<p>&nbsp;<\/p>\n<p>MVH. Kim<\/p>\n","protected":false},"excerpt":{"rendered":"<p>Foldordningen vil k\u00f8re som normalt p\u00e5 alle hverdage i juli m\u00e5ned. Det vil ogs\u00e5 v\u00e6re muligt at have sin hest\/pony delvist med p\u00e5 foldordningen i juli (uge basis), og blive opkr\u00e6vet herfor. I juli m\u00e5ned tilbyder vi ogs\u00e5 ud lukning i weekenderne , til dem som er tilmeldt foldordningen i hverdagene. Samlet pris for b\u00e5de&hellip;&nbsp;<a href=\"https:\/\/brandesportsrideklub.dk\/?p=3443\" rel=\"bookmark\">L\u00e6s mere &raquo;<span class=\"screen-reader-text\">Foldordning i Juli m\u00e5ned<\/span><\/a><\/p>\n","protected":false},"author":1,"featured_media":0,"comment_status":"closed","ping_status":"closed","sticky":false,"template":"","format":"standard","meta":{"neve_meta_sidebar":"","neve_meta_container":"","neve_meta_enable_content_width":"","neve_meta_content_width":0,"neve_meta_title_alignment":"","neve_meta_author_avatar":"","neve_post_elements_order":"","neve_meta_disable_header":"","neve_meta_disable_footer":"","neve_meta_disable_title":"","_themeisle_gutenberg_block_has_review":false,"footnotes":""},"categories":[7],"tags":[],"class_list":["post-3443","post","type-post","status-publish","format-standard","hentry","category-info-fra-kim"],"_links":{"self":[{"href":"https:\/\/brandesportsrideklub.dk\/index.php?rest_route=\/wp\/v2\/posts\/3443","targetHints":{"allow":["GET"]}}],"collection":[{"href":"https:\/\/brandesportsrideklub.dk\/index.php?rest_route=\/wp\/v2\/posts"}],"about":[{"href":"https:\/\/brandesportsrideklub.dk\/index.php?rest_route=\/wp\/v2\/types\/post"}],"author":[{"embeddable":true,"href":"https:\/\/brandesportsrideklub.dk\/index.php?rest_route=\/wp\/v2\/users\/1"}],"replies":[{"embeddable":true,"href":"https:\/\/brandesportsrideklub.dk\/index.php?rest_route=%2Fwp%2Fv2%2Fcomments&post=3443"}],"version-history":[{"count":1,"href":"https:\/\/brandesportsrideklub.dk\/index.php?rest_route=\/wp\/v2\/posts\/3443\/revisions"}],"predecessor-version":[{"id":3444,"href":"https:\/\/brandesportsrideklub.dk\/index.php?rest_route=\/wp\/v2\/posts\/3443\/revisions\/3444"}],"wp:attachment":[{"href":"https:\/\/brandesportsrideklub.dk\/index.php?rest_route=%2Fwp%2Fv2%2Fmedia&parent=3443"}],"wp:term":[{"taxonomy":"category","embeddable":true,"href":"https:\/\/brandesportsrideklub.dk\/index.php?rest_route=%2Fwp%2Fv2%2Fcategories&post=3443"},{"taxonomy":"post_tag","embeddable":true,"href":"https:\/\/brandesportsrideklub.dk\/index.php?rest_route=%2Fwp%2Fv2%2Ftags&post=3443"}],"curies":[{"name":"wp","href":"https:\/\/api.w.org\/{rel}","templated":true}]}}