{"id":2784,"date":"2015-09-29T15:19:19","date_gmt":"2015-09-29T13:19:19","guid":{"rendered":"http:\/\/brandesportsrideklub.dk\/?p=2784"},"modified":"2015-09-29T15:19:19","modified_gmt":"2015-09-29T13:19:19","slug":"regions-staevne-pa-bsr-kommende-weekend-2-4-oktober","status":"publish","type":"post","link":"https:\/\/brandesportsrideklub.dk\/?p=2784","title":{"rendered":"Regions st\u00e6vne p\u00e5 BSR kommende weekend (2-4 oktober)"},"content":{"rendered":"<p>Vi afholder i den kommende weekend et regions st\u00e6vne i b\u00e5de spring og dressur, hvor en masse af vores egne ryttere ogs\u00e5 er til start.<\/p>\n<p>St\u00e6vnet starter fredag eftermiddag med dressuren. L\u00f8rdag vil ligeledes st\u00e5 i dressurens tegn, mens der l\u00f8rdag vil v\u00e6re springning i hallerne.<\/p>\n<p>P\u00e5 grund af st\u00e6vnet vil begge ridehaller v\u00e6re lukket fra fredag sidst p\u00e5 eftermiddagen, og indtil st\u00e6vnet slutter sidst p\u00e5 dagen s\u00f8ndag.<\/p>\n<p>Start lister og tider kan ses p\u00e5 <strong>DRF LIVE<\/strong><\/p>\n<p>&nbsp;<\/p>\n<p><strong><u>Hallerne er lukket fra:<\/u><\/strong><\/p>\n<p>Lille hal \u2013 Fredag kl. 15.45 og til st\u00e6vnet er slut s\u00f8ndag.<\/p>\n<p>Store hal \u2013 Fredag kl. 16.40, og til st\u00e6vnet er slut s\u00f8ndag<\/p>\n<p>&nbsp;<\/p>\n<p><strong><u>Ops\u00e6tning af springbane<\/u><\/strong><\/p>\n<p>Vi s\u00e6tter springbane op s\u00f8ndag morgen kl. 6.45.<\/p>\n<p>Der vil v\u00e6re morgenmad i cafeteriaet til de morgenfriske, som kommer og giver en h\u00e5nd med.<\/p>\n<p>&nbsp;<\/p>\n<p>Med venlig hilsen<\/p>\n<p>Kim<\/p>\n","protected":false},"excerpt":{"rendered":"<p>Vi afholder i den kommende weekend et regions st\u00e6vne i b\u00e5de spring og dressur, hvor en masse af vores egne ryttere ogs\u00e5 er til start. St\u00e6vnet starter fredag eftermiddag med dressuren. L\u00f8rdag vil ligeledes st\u00e5 i dressurens tegn, mens der l\u00f8rdag vil v\u00e6re springning i hallerne. P\u00e5 grund af st\u00e6vnet vil begge ridehaller v\u00e6re lukket&hellip;&nbsp;<a href=\"https:\/\/brandesportsrideklub.dk\/?p=2784\" rel=\"bookmark\">L\u00e6s mere &raquo;<span class=\"screen-reader-text\">Regions st\u00e6vne p\u00e5 BSR kommende weekend (2-4 oktober)<\/span><\/a><\/p>\n","protected":false},"author":1,"featured_media":0,"comment_status":"closed","ping_status":"closed","sticky":false,"template":"","format":"standard","meta":{"neve_meta_sidebar":"","neve_meta_container":"","neve_meta_enable_content_width":"","neve_meta_content_width":0,"neve_meta_title_alignment":"","neve_meta_author_avatar":"","neve_post_elements_order":"","neve_meta_disable_header":"","neve_meta_disable_footer":"","neve_meta_disable_title":"","_themeisle_gutenberg_block_has_review":false,"footnotes":""},"categories":[5,7],"tags":[],"class_list":["post-2784","post","type-post","status-publish","format-standard","hentry","category-arrangementer","category-info-fra-kim"],"_links":{"self":[{"href":"https:\/\/brandesportsrideklub.dk\/index.php?rest_route=\/wp\/v2\/posts\/2784","targetHints":{"allow":["GET"]}}],"collection":[{"href":"https:\/\/brandesportsrideklub.dk\/index.php?rest_route=\/wp\/v2\/posts"}],"about":[{"href":"https:\/\/brandesportsrideklub.dk\/index.php?rest_route=\/wp\/v2\/types\/post"}],"author":[{"embeddable":true,"href":"https:\/\/brandesportsrideklub.dk\/index.php?rest_route=\/wp\/v2\/users\/1"}],"replies":[{"embeddable":true,"href":"https:\/\/brandesportsrideklub.dk\/index.php?rest_route=%2Fwp%2Fv2%2Fcomments&post=2784"}],"version-history":[{"count":1,"href":"https:\/\/brandesportsrideklub.dk\/index.php?rest_route=\/wp\/v2\/posts\/2784\/revisions"}],"predecessor-version":[{"id":2785,"href":"https:\/\/brandesportsrideklub.dk\/index.php?rest_route=\/wp\/v2\/posts\/2784\/revisions\/2785"}],"wp:attachment":[{"href":"https:\/\/brandesportsrideklub.dk\/index.php?rest_route=%2Fwp%2Fv2%2Fmedia&parent=2784"}],"wp:term":[{"taxonomy":"category","embeddable":true,"href":"https:\/\/brandesportsrideklub.dk\/index.php?rest_route=%2Fwp%2Fv2%2Fcategories&post=2784"},{"taxonomy":"post_tag","embeddable":true,"href":"https:\/\/brandesportsrideklub.dk\/index.php?rest_route=%2Fwp%2Fv2%2Ftags&post=2784"}],"curies":[{"name":"wp","href":"https:\/\/api.w.org\/{rel}","templated":true}]}}