{"id":1993,"date":"2014-10-01T09:25:25","date_gmt":"2014-10-01T07:25:25","guid":{"rendered":"http:\/\/brandesportsrideklub.dk\/?p=1993"},"modified":"2014-10-01T09:29:22","modified_gmt":"2014-10-01T07:29:22","slug":"baneopsaetning","status":"publish","type":"post","link":"https:\/\/brandesportsrideklub.dk\/?p=1993","title":{"rendered":"Baneops\u00e6tning"},"content":{"rendered":"<p>Vi har, som I ved, regionsst\u00e6vne i weekenden.<\/p>\n<p>Jeg kunne rigtig godt bruge en hj\u00e6lpende h\u00e5nd s\u00f8ndag morgen, med at s\u00e6tte springbanen op.<\/p>\n<p>F\u00f8rste klasse starter kl. 9.<\/p>\n<p>Jeg starter kl. ca. 7 med at g\u00f8re hallen\/bunden klar, og k\u00f8re spring ind i hallen.<\/p>\n<p>Banebyggeren kommer kl. 7.30, og laver f\u00f8rste bane klar.<\/p>\n<p>&nbsp;<\/p>\n<p>Tak.<\/p>\n<p>Med venlig hilsen<\/p>\n<p>Kim<\/p>\n","protected":false},"excerpt":{"rendered":"<p>Vi har, som I ved, regionsst\u00e6vne i weekenden. Jeg kunne rigtig godt bruge en hj\u00e6lpende h\u00e5nd s\u00f8ndag morgen, med at s\u00e6tte springbanen op. F\u00f8rste klasse starter kl. 9. Jeg starter kl. ca. 7 med at g\u00f8re hallen\/bunden klar, og k\u00f8re spring ind i hallen. Banebyggeren kommer kl. 7.30, og laver f\u00f8rste bane klar. &nbsp; Tak.&hellip;&nbsp;<a href=\"https:\/\/brandesportsrideklub.dk\/?p=1993\" rel=\"bookmark\">L\u00e6s mere &raquo;<span class=\"screen-reader-text\">Baneops\u00e6tning<\/span><\/a><\/p>\n","protected":false},"author":1,"featured_media":0,"comment_status":"closed","ping_status":"closed","sticky":false,"template":"","format":"standard","meta":{"neve_meta_sidebar":"","neve_meta_container":"","neve_meta_enable_content_width":"","neve_meta_content_width":0,"neve_meta_title_alignment":"","neve_meta_author_avatar":"","neve_post_elements_order":"","neve_meta_disable_header":"","neve_meta_disable_footer":"","neve_meta_disable_title":"","_themeisle_gutenberg_block_has_review":false,"footnotes":""},"categories":[5,7],"tags":[],"class_list":["post-1993","post","type-post","status-publish","format-standard","hentry","category-arrangementer","category-info-fra-kim"],"_links":{"self":[{"href":"https:\/\/brandesportsrideklub.dk\/index.php?rest_route=\/wp\/v2\/posts\/1993","targetHints":{"allow":["GET"]}}],"collection":[{"href":"https:\/\/brandesportsrideklub.dk\/index.php?rest_route=\/wp\/v2\/posts"}],"about":[{"href":"https:\/\/brandesportsrideklub.dk\/index.php?rest_route=\/wp\/v2\/types\/post"}],"author":[{"embeddable":true,"href":"https:\/\/brandesportsrideklub.dk\/index.php?rest_route=\/wp\/v2\/users\/1"}],"replies":[{"embeddable":true,"href":"https:\/\/brandesportsrideklub.dk\/index.php?rest_route=%2Fwp%2Fv2%2Fcomments&post=1993"}],"version-history":[{"count":2,"href":"https:\/\/brandesportsrideklub.dk\/index.php?rest_route=\/wp\/v2\/posts\/1993\/revisions"}],"predecessor-version":[{"id":1995,"href":"https:\/\/brandesportsrideklub.dk\/index.php?rest_route=\/wp\/v2\/posts\/1993\/revisions\/1995"}],"wp:attachment":[{"href":"https:\/\/brandesportsrideklub.dk\/index.php?rest_route=%2Fwp%2Fv2%2Fmedia&parent=1993"}],"wp:term":[{"taxonomy":"category","embeddable":true,"href":"https:\/\/brandesportsrideklub.dk\/index.php?rest_route=%2Fwp%2Fv2%2Fcategories&post=1993"},{"taxonomy":"post_tag","embeddable":true,"href":"https:\/\/brandesportsrideklub.dk\/index.php?rest_route=%2Fwp%2Fv2%2Ftags&post=1993"}],"curies":[{"name":"wp","href":"https:\/\/api.w.org\/{rel}","templated":true}]}}