{"id":1757,"date":"2014-06-02T11:12:52","date_gmt":"2014-06-02T09:12:52","guid":{"rendered":"http:\/\/brandesportsrideklub.dk\/?p=1757"},"modified":"2014-06-02T11:13:17","modified_gmt":"2014-06-02T09:13:17","slug":"sommerferie-i-privat-afdelingen","status":"publish","type":"post","link":"https:\/\/brandesportsrideklub.dk\/?p=1757","title":{"rendered":"Sommerferie i privat afdelingen"},"content":{"rendered":"<p><strong>Spring hold<\/strong><\/p>\n<p>Undervisningen p\u00e5 spring holdene vil f\u00f8lge min ferie, som i \u00e5r ligger i uge 29 + 30 + 31.<\/p>\n<p>Sidste undervisnings dag f\u00f8r ferien: TORSDAG D. 10 JULI<\/p>\n<p>F\u00f8rste undervisnings dag efter ferien: MANDAG D. 4 AUGUST<\/p>\n<p>&nbsp;<\/p>\n<p><strong>Dressur hold<\/strong><\/p>\n<p>Sidste undervisnings dag f\u00f8r ferien: FREDAG D. 27 JUNI<\/p>\n<p>F\u00f8rste undervisnings dag efter ferien: MANDAG D. 4 AUGUST<\/p>\n<p>&nbsp;<\/p>\n<p><strong>Enetimer<\/strong><\/p>\n<p>Der vil v\u00e6re mulighed for at f\u00e5 enetimer, samt f\u00e5 redet sin hest\/pony i juli m\u00e5ned, i de uger personalet ikke afholder ferie.<\/p>\n<p>Undervisningen aftales med din underviser.<\/p>\n<p>&nbsp;<\/p>\n<p>Kim holder ferie i Uge 29 + 30 + 31<\/p>\n<p>Michelle holder ferie i Uge 27 + 28<\/p>\n<p>Jane holder ferie i Uge 29 + 30 + 31<\/p>\n<p>&nbsp;<\/p>\n<p><i>Rigtig god sommer til jer alle sammen!<\/i><\/p>\n<p><i>Med venlig hilsen<\/i><\/p>\n<p><i>Personalet p\u00e5 BSR<\/i><\/p>\n","protected":false},"excerpt":{"rendered":"<p>Spring hold Undervisningen p\u00e5 spring holdene vil f\u00f8lge min ferie, som i \u00e5r ligger i uge 29 + 30 + 31. Sidste undervisnings dag f\u00f8r ferien: TORSDAG D. 10 JULI F\u00f8rste undervisnings dag efter ferien: MANDAG D. 4 AUGUST &nbsp; Dressur hold Sidste undervisnings dag f\u00f8r ferien: FREDAG D. 27 JUNI F\u00f8rste undervisnings dag efter&hellip;&nbsp;<a href=\"https:\/\/brandesportsrideklub.dk\/?p=1757\" rel=\"bookmark\">L\u00e6s mere &raquo;<span class=\"screen-reader-text\">Sommerferie i privat afdelingen<\/span><\/a><\/p>\n","protected":false},"author":1,"featured_media":0,"comment_status":"closed","ping_status":"closed","sticky":false,"template":"","format":"standard","meta":{"neve_meta_sidebar":"","neve_meta_container":"","neve_meta_enable_content_width":"","neve_meta_content_width":0,"neve_meta_title_alignment":"","neve_meta_author_avatar":"","neve_post_elements_order":"","neve_meta_disable_header":"","neve_meta_disable_footer":"","neve_meta_disable_title":"","_themeisle_gutenberg_block_has_review":false,"footnotes":""},"categories":[7],"tags":[],"class_list":["post-1757","post","type-post","status-publish","format-standard","hentry","category-info-fra-kim"],"_links":{"self":[{"href":"https:\/\/brandesportsrideklub.dk\/index.php?rest_route=\/wp\/v2\/posts\/1757","targetHints":{"allow":["GET"]}}],"collection":[{"href":"https:\/\/brandesportsrideklub.dk\/index.php?rest_route=\/wp\/v2\/posts"}],"about":[{"href":"https:\/\/brandesportsrideklub.dk\/index.php?rest_route=\/wp\/v2\/types\/post"}],"author":[{"embeddable":true,"href":"https:\/\/brandesportsrideklub.dk\/index.php?rest_route=\/wp\/v2\/users\/1"}],"replies":[{"embeddable":true,"href":"https:\/\/brandesportsrideklub.dk\/index.php?rest_route=%2Fwp%2Fv2%2Fcomments&post=1757"}],"version-history":[{"count":3,"href":"https:\/\/brandesportsrideklub.dk\/index.php?rest_route=\/wp\/v2\/posts\/1757\/revisions"}],"predecessor-version":[{"id":1760,"href":"https:\/\/brandesportsrideklub.dk\/index.php?rest_route=\/wp\/v2\/posts\/1757\/revisions\/1760"}],"wp:attachment":[{"href":"https:\/\/brandesportsrideklub.dk\/index.php?rest_route=%2Fwp%2Fv2%2Fmedia&parent=1757"}],"wp:term":[{"taxonomy":"category","embeddable":true,"href":"https:\/\/brandesportsrideklub.dk\/index.php?rest_route=%2Fwp%2Fv2%2Fcategories&post=1757"},{"taxonomy":"post_tag","embeddable":true,"href":"https:\/\/brandesportsrideklub.dk\/index.php?rest_route=%2Fwp%2Fv2%2Ftags&post=1757"}],"curies":[{"name":"wp","href":"https:\/\/api.w.org\/{rel}","templated":true}]}}