{"id":1755,"date":"2014-06-02T11:04:44","date_gmt":"2014-06-02T09:04:44","guid":{"rendered":"http:\/\/brandesportsrideklub.dk\/?p=1755"},"modified":"2014-06-02T11:04:44","modified_gmt":"2014-06-02T09:04:44","slug":"oprydingsdag-i-laden-samt-ved-sadel-skabene-lordag-d-7-juni","status":"publish","type":"post","link":"https:\/\/brandesportsrideklub.dk\/?p=1755","title":{"rendered":"OPRYDINGSDAG I LADEN, SAMT VED SADEL SKABENE L\u00d8RDAG D. 7 JUNI"},"content":{"rendered":"<p>Jane vil l\u00f8rdag d. 7 juni kl. 10 v\u00e6re tovholder ved en oprydningsdag i laden, samt ved sadel skabene i \u201dst\u00e6vne stalden\u201d.<\/p>\n<p>Har du h\u00f8 i laden eller et sadel skab st\u00e5ende i \u201dst\u00e6vne stalden\u201d bedes du m\u00f8de op, og hj\u00e6lpe med at f\u00e5 ryddet op de respektive steder.<\/p>\n<p>Har du ikke selv mulighed for at v\u00e6re til stede, er det <span style=\"text-decoration: underline;\">DIT EGET ANSVAR<\/span>, at der er en anden som hj\u00e6lper med dit h\u00f8 \/ ting.<\/p>\n<p>Udstyr uden ejer, vil blive fjernet uden ansvar.<\/p>\n<p>Vi h\u00f8jtryks renser i \u201dst\u00e6vne stalden\u201d ugen efter oprydnings dagen, og tager ikke ansvar for evt. skade p\u00e5 udstyr, foder, m.v., som er placeret rundt om skabene, og ikke kan t\u00e5le vand.<\/p>\n<p>&nbsp;<\/p>\n<p><i>P\u00e5 forh\u00e5nd tak!<\/i><\/p>\n<p><i>Med venlig hilsen<\/i><\/p>\n<p><i>Kim<\/i><\/p>\n","protected":false},"excerpt":{"rendered":"<p>Jane vil l\u00f8rdag d. 7 juni kl. 10 v\u00e6re tovholder ved en oprydningsdag i laden, samt ved sadel skabene i \u201dst\u00e6vne stalden\u201d. Har du h\u00f8 i laden eller et sadel skab st\u00e5ende i \u201dst\u00e6vne stalden\u201d bedes du m\u00f8de op, og hj\u00e6lpe med at f\u00e5 ryddet op de respektive steder. Har du ikke selv mulighed for&hellip;&nbsp;<a href=\"https:\/\/brandesportsrideklub.dk\/?p=1755\" rel=\"bookmark\">L\u00e6s mere &raquo;<span class=\"screen-reader-text\">OPRYDINGSDAG I LADEN, SAMT VED SADEL SKABENE L\u00d8RDAG D. 7 JUNI<\/span><\/a><\/p>\n","protected":false},"author":1,"featured_media":0,"comment_status":"closed","ping_status":"closed","sticky":false,"template":"","format":"standard","meta":{"neve_meta_sidebar":"","neve_meta_container":"","neve_meta_enable_content_width":"","neve_meta_content_width":0,"neve_meta_title_alignment":"","neve_meta_author_avatar":"","neve_post_elements_order":"","neve_meta_disable_header":"","neve_meta_disable_footer":"","neve_meta_disable_title":"","_themeisle_gutenberg_block_has_review":false,"footnotes":""},"categories":[6,7],"tags":[],"class_list":["post-1755","post","type-post","status-publish","format-standard","hentry","category-andet","category-info-fra-kim"],"_links":{"self":[{"href":"https:\/\/brandesportsrideklub.dk\/index.php?rest_route=\/wp\/v2\/posts\/1755","targetHints":{"allow":["GET"]}}],"collection":[{"href":"https:\/\/brandesportsrideklub.dk\/index.php?rest_route=\/wp\/v2\/posts"}],"about":[{"href":"https:\/\/brandesportsrideklub.dk\/index.php?rest_route=\/wp\/v2\/types\/post"}],"author":[{"embeddable":true,"href":"https:\/\/brandesportsrideklub.dk\/index.php?rest_route=\/wp\/v2\/users\/1"}],"replies":[{"embeddable":true,"href":"https:\/\/brandesportsrideklub.dk\/index.php?rest_route=%2Fwp%2Fv2%2Fcomments&post=1755"}],"version-history":[{"count":1,"href":"https:\/\/brandesportsrideklub.dk\/index.php?rest_route=\/wp\/v2\/posts\/1755\/revisions"}],"predecessor-version":[{"id":1756,"href":"https:\/\/brandesportsrideklub.dk\/index.php?rest_route=\/wp\/v2\/posts\/1755\/revisions\/1756"}],"wp:attachment":[{"href":"https:\/\/brandesportsrideklub.dk\/index.php?rest_route=%2Fwp%2Fv2%2Fmedia&parent=1755"}],"wp:term":[{"taxonomy":"category","embeddable":true,"href":"https:\/\/brandesportsrideklub.dk\/index.php?rest_route=%2Fwp%2Fv2%2Fcategories&post=1755"},{"taxonomy":"post_tag","embeddable":true,"href":"https:\/\/brandesportsrideklub.dk\/index.php?rest_route=%2Fwp%2Fv2%2Ftags&post=1755"}],"curies":[{"name":"wp","href":"https:\/\/api.w.org\/{rel}","templated":true}]}}