{"id":1753,"date":"2014-06-02T11:04:02","date_gmt":"2014-06-02T09:04:02","guid":{"rendered":"http:\/\/brandesportsrideklub.dk\/?p=1753"},"modified":"2014-06-02T11:04:02","modified_gmt":"2014-06-02T09:04:02","slug":"opstaldning-i-juli","status":"publish","type":"post","link":"https:\/\/brandesportsrideklub.dk\/?p=1753","title":{"rendered":"Opstaldning i Juli"},"content":{"rendered":"<p>Der vil ogs\u00e5 i \u00e5r v\u00e6re muligt at have sin hest\/pony opstaldet p\u00e5 BSR i sommerferien.<\/p>\n<p>Vi har personale p\u00e5 arbejde hele sommeren og hestene \/ ponyerne vil blive passet<\/p>\n<p>som normalt.<\/p>\n<p>Skal din hest \/ pony delvis p\u00e5 sommerferie, og derfor kun vil v\u00e6re opstaldet p\u00e5 BSR<\/p>\n<p>en del af juli m\u00e5ned, vil man kun f\u00e5 regning for de antal dage som hesten \/ ponyen er<\/p>\n<p>p\u00e5 BSR.<\/p>\n<p>For at have en ide om hvor mange heste \/ponyer som bliver i juli, vil jeg gerne at i<\/p>\n<p>skriver jer p\u00e5 listen p\u00e5 rideskolen, n\u00e5r i ved hvad jeres ferie planer er.<\/p>\n<p>Med venlig hilsen<\/p>\n<p>Kim<\/p>\n","protected":false},"excerpt":{"rendered":"<p>Der vil ogs\u00e5 i \u00e5r v\u00e6re muligt at have sin hest\/pony opstaldet p\u00e5 BSR i sommerferien. Vi har personale p\u00e5 arbejde hele sommeren og hestene \/ ponyerne vil blive passet som normalt. Skal din hest \/ pony delvis p\u00e5 sommerferie, og derfor kun vil v\u00e6re opstaldet p\u00e5 BSR en del af juli m\u00e5ned, vil man&hellip;&nbsp;<a href=\"https:\/\/brandesportsrideklub.dk\/?p=1753\" rel=\"bookmark\">L\u00e6s mere &raquo;<span class=\"screen-reader-text\">Opstaldning i Juli<\/span><\/a><\/p>\n","protected":false},"author":1,"featured_media":0,"comment_status":"closed","ping_status":"closed","sticky":false,"template":"","format":"standard","meta":{"neve_meta_sidebar":"","neve_meta_container":"","neve_meta_enable_content_width":"","neve_meta_content_width":0,"neve_meta_title_alignment":"","neve_meta_author_avatar":"","neve_post_elements_order":"","neve_meta_disable_header":"","neve_meta_disable_footer":"","neve_meta_disable_title":"","_themeisle_gutenberg_block_has_review":false,"footnotes":""},"categories":[6,7],"tags":[],"class_list":["post-1753","post","type-post","status-publish","format-standard","hentry","category-andet","category-info-fra-kim"],"_links":{"self":[{"href":"https:\/\/brandesportsrideklub.dk\/index.php?rest_route=\/wp\/v2\/posts\/1753","targetHints":{"allow":["GET"]}}],"collection":[{"href":"https:\/\/brandesportsrideklub.dk\/index.php?rest_route=\/wp\/v2\/posts"}],"about":[{"href":"https:\/\/brandesportsrideklub.dk\/index.php?rest_route=\/wp\/v2\/types\/post"}],"author":[{"embeddable":true,"href":"https:\/\/brandesportsrideklub.dk\/index.php?rest_route=\/wp\/v2\/users\/1"}],"replies":[{"embeddable":true,"href":"https:\/\/brandesportsrideklub.dk\/index.php?rest_route=%2Fwp%2Fv2%2Fcomments&post=1753"}],"version-history":[{"count":1,"href":"https:\/\/brandesportsrideklub.dk\/index.php?rest_route=\/wp\/v2\/posts\/1753\/revisions"}],"predecessor-version":[{"id":1754,"href":"https:\/\/brandesportsrideklub.dk\/index.php?rest_route=\/wp\/v2\/posts\/1753\/revisions\/1754"}],"wp:attachment":[{"href":"https:\/\/brandesportsrideklub.dk\/index.php?rest_route=%2Fwp%2Fv2%2Fmedia&parent=1753"}],"wp:term":[{"taxonomy":"category","embeddable":true,"href":"https:\/\/brandesportsrideklub.dk\/index.php?rest_route=%2Fwp%2Fv2%2Fcategories&post=1753"},{"taxonomy":"post_tag","embeddable":true,"href":"https:\/\/brandesportsrideklub.dk\/index.php?rest_route=%2Fwp%2Fv2%2Ftags&post=1753"}],"curies":[{"name":"wp","href":"https:\/\/api.w.org\/{rel}","templated":true}]}}