{"id":1384,"date":"2014-01-06T08:31:15","date_gmt":"2014-01-06T07:31:15","guid":{"rendered":"http:\/\/brandesportsrideklub.dk\/?p=1384"},"modified":"2014-01-06T08:31:15","modified_gmt":"2014-01-06T07:31:15","slug":"ridehallerne-vil-vaere-delvist-lukket-lordag-d-11-januar-om-formiddagen","status":"publish","type":"post","link":"https:\/\/brandesportsrideklub.dk\/?p=1384","title":{"rendered":"Ridehallerne vil v\u00e6re delvist lukket l\u00f8rdag d. 11. januar om formiddagen"},"content":{"rendered":"<p>Begge ridehaller vil v\u00e6re delvist lukket l\u00f8rdag d. 11. januar, om formiddagen.<\/p>\n<p>Vi skal have rettet bundene ordentligt af, og kan denne dag f\u00e5 hj\u00e6lp af lidt st\u00f8rre maskiner.<\/p>\n<p>Der bliver rettet af , dybde harvet, samt j\u00e6vnet.<\/p>\n<p>Vi starter fra morgenen af, og skynder os s\u00e5 meget som muligt.<\/p>\n<p>&nbsp;<\/p>\n<p>H\u00e5ber p\u00e5 jeres forst\u00e5else!<\/p>\n<p>Med venlig hilsen<\/p>\n<p>Kim<\/p>\n","protected":false},"excerpt":{"rendered":"<p>Begge ridehaller vil v\u00e6re delvist lukket l\u00f8rdag d. 11. januar, om formiddagen. Vi skal have rettet bundene ordentligt af, og kan denne dag f\u00e5 hj\u00e6lp af lidt st\u00f8rre maskiner. Der bliver rettet af , dybde harvet, samt j\u00e6vnet. Vi starter fra morgenen af, og skynder os s\u00e5 meget som muligt. &nbsp; H\u00e5ber p\u00e5 jeres forst\u00e5else!&hellip;&nbsp;<a href=\"https:\/\/brandesportsrideklub.dk\/?p=1384\" rel=\"bookmark\">L\u00e6s mere &raquo;<span class=\"screen-reader-text\">Ridehallerne vil v\u00e6re delvist lukket l\u00f8rdag d. 11. januar om formiddagen<\/span><\/a><\/p>\n","protected":false},"author":1,"featured_media":0,"comment_status":"closed","ping_status":"closed","sticky":false,"template":"","format":"standard","meta":{"neve_meta_sidebar":"","neve_meta_container":"","neve_meta_enable_content_width":"","neve_meta_content_width":0,"neve_meta_title_alignment":"","neve_meta_author_avatar":"","neve_post_elements_order":"","neve_meta_disable_header":"","neve_meta_disable_footer":"","neve_meta_disable_title":"","_themeisle_gutenberg_block_has_review":false,"footnotes":""},"categories":[6,7],"tags":[],"class_list":["post-1384","post","type-post","status-publish","format-standard","hentry","category-andet","category-info-fra-kim"],"_links":{"self":[{"href":"https:\/\/brandesportsrideklub.dk\/index.php?rest_route=\/wp\/v2\/posts\/1384","targetHints":{"allow":["GET"]}}],"collection":[{"href":"https:\/\/brandesportsrideklub.dk\/index.php?rest_route=\/wp\/v2\/posts"}],"about":[{"href":"https:\/\/brandesportsrideklub.dk\/index.php?rest_route=\/wp\/v2\/types\/post"}],"author":[{"embeddable":true,"href":"https:\/\/brandesportsrideklub.dk\/index.php?rest_route=\/wp\/v2\/users\/1"}],"replies":[{"embeddable":true,"href":"https:\/\/brandesportsrideklub.dk\/index.php?rest_route=%2Fwp%2Fv2%2Fcomments&post=1384"}],"version-history":[{"count":2,"href":"https:\/\/brandesportsrideklub.dk\/index.php?rest_route=\/wp\/v2\/posts\/1384\/revisions"}],"predecessor-version":[{"id":1386,"href":"https:\/\/brandesportsrideklub.dk\/index.php?rest_route=\/wp\/v2\/posts\/1384\/revisions\/1386"}],"wp:attachment":[{"href":"https:\/\/brandesportsrideklub.dk\/index.php?rest_route=%2Fwp%2Fv2%2Fmedia&parent=1384"}],"wp:term":[{"taxonomy":"category","embeddable":true,"href":"https:\/\/brandesportsrideklub.dk\/index.php?rest_route=%2Fwp%2Fv2%2Fcategories&post=1384"},{"taxonomy":"post_tag","embeddable":true,"href":"https:\/\/brandesportsrideklub.dk\/index.php?rest_route=%2Fwp%2Fv2%2Ftags&post=1384"}],"curies":[{"name":"wp","href":"https:\/\/api.w.org\/{rel}","templated":true}]}}