{"id":1190,"date":"2013-10-28T09:16:23","date_gmt":"2013-10-28T08:16:23","guid":{"rendered":"http:\/\/brandesportsrideklub.dk\/?p=1190"},"modified":"2013-10-28T09:16:23","modified_gmt":"2013-10-28T08:16:23","slug":"distriktsstaevne-i-fredericia-rideklub-d-26-10-2013","status":"publish","type":"post","link":"https:\/\/brandesportsrideklub.dk\/?p=1190","title":{"rendered":"Distriktsst\u00e6vne i Fredericia Rideklub d. 26.10-2013"},"content":{"rendered":"<p><img fetchpriority=\"high\" decoding=\"async\" class=\"alignleft size-full wp-image-1191\" alt=\"filippa_jarno_okt2013\" src=\"http:\/\/brandesportsrideklub.dk\/wp-content\/uploads\/2013\/10\/filippa_jarno_okt2013.jpg\" width=\"300\" height=\"240\" \/>Filippa C. Andersen har l\u00f8rdag v\u00e6ret til distriktsst\u00e6vne i Fredericia med\u00a0hendes to kat. 3 ponyer\u00a0Jarno Van De Zuidhoek og Aggerholm\u00b4s La Fayette.<\/p>\n<p>Hun red fejlfri i de fire klasser de deltog i.<\/p>\n<p>Med Jarno blev hun placeret som nr. 4 i LB2**.<\/p>\n","protected":false},"excerpt":{"rendered":"<p>Filippa C. Andersen har l\u00f8rdag v\u00e6ret til distriktsst\u00e6vne i Fredericia med\u00a0hendes to kat. 3 ponyer\u00a0Jarno Van De Zuidhoek og Aggerholm\u00b4s La Fayette. Hun red fejlfri i de fire klasser de deltog i. Med Jarno blev hun placeret som nr. 4 i LB2**.<\/p>\n","protected":false},"author":1,"featured_media":0,"comment_status":"closed","ping_status":"closed","sticky":false,"template":"","format":"standard","meta":{"neve_meta_sidebar":"","neve_meta_container":"","neve_meta_enable_content_width":"","neve_meta_content_width":0,"neve_meta_title_alignment":"","neve_meta_author_avatar":"","neve_post_elements_order":"","neve_meta_disable_header":"","neve_meta_disable_footer":"","neve_meta_disable_title":"","_themeisle_gutenberg_block_has_review":false,"footnotes":""},"categories":[3],"tags":[],"class_list":["post-1190","post","type-post","status-publish","format-standard","hentry","category-staevneresultater"],"_links":{"self":[{"href":"https:\/\/brandesportsrideklub.dk\/index.php?rest_route=\/wp\/v2\/posts\/1190","targetHints":{"allow":["GET"]}}],"collection":[{"href":"https:\/\/brandesportsrideklub.dk\/index.php?rest_route=\/wp\/v2\/posts"}],"about":[{"href":"https:\/\/brandesportsrideklub.dk\/index.php?rest_route=\/wp\/v2\/types\/post"}],"author":[{"embeddable":true,"href":"https:\/\/brandesportsrideklub.dk\/index.php?rest_route=\/wp\/v2\/users\/1"}],"replies":[{"embeddable":true,"href":"https:\/\/brandesportsrideklub.dk\/index.php?rest_route=%2Fwp%2Fv2%2Fcomments&post=1190"}],"version-history":[{"count":1,"href":"https:\/\/brandesportsrideklub.dk\/index.php?rest_route=\/wp\/v2\/posts\/1190\/revisions"}],"predecessor-version":[{"id":1192,"href":"https:\/\/brandesportsrideklub.dk\/index.php?rest_route=\/wp\/v2\/posts\/1190\/revisions\/1192"}],"wp:attachment":[{"href":"https:\/\/brandesportsrideklub.dk\/index.php?rest_route=%2Fwp%2Fv2%2Fmedia&parent=1190"}],"wp:term":[{"taxonomy":"category","embeddable":true,"href":"https:\/\/brandesportsrideklub.dk\/index.php?rest_route=%2Fwp%2Fv2%2Fcategories&post=1190"},{"taxonomy":"post_tag","embeddable":true,"href":"https:\/\/brandesportsrideklub.dk\/index.php?rest_route=%2Fwp%2Fv2%2Ftags&post=1190"}],"curies":[{"name":"wp","href":"https:\/\/api.w.org\/{rel}","templated":true}]}}